{"id":102915,"date":"2025-01-21T22:44:48","date_gmt":"2025-01-21T21:44:48","guid":{"rendered":"https:\/\/coolbrandz.com\/tag-heuer-carrera-purple\/"},"modified":"2025-02-21T00:11:45","modified_gmt":"2025-02-20T23:11:45","slug":"tag-heuer-carrera-purple","status":"publish","type":"post","link":"https:\/\/coolbrandz.com\/fr\/tag-heuer-carrera-purple\/","title":{"rendered":"Nouveaut\u00e9 : TAG Heuer Carrera Purple"},"content":{"rendered":"<p><a href=\"https:\/\/www.tagheuer.com\/\">TAG Heuer<\/a> ouvre l\u2019ann\u00e9e 2025 avec deux mod\u00e8les spectaculaires qui rejoignent la l\u00e9gendaire collection Carrera: TAG Heuer Carrera Purple. Le chronographe Carrera et le chronographe Carrera Tourbillon, d\u00e9voil\u00e9s \u00e0 la <a href=\"https:\/\/coolbrandz.com\/fr\/magazine\/evenements\/\">LVMH Watch Week<\/a> de Los Angeles, affichent un cadran hypnotisant avec un d\u00e9grad\u00e9 noir-violet. Ces montres allient innovation et \u00e9l\u00e9gance intemporelle, tout en repoussant les standards du luxe.<\/p>\n<p>&nbsp;<\/p>\n<p><img loading=\"lazy\" decoding=\"async\" class=\"alignleft size-full wp-image-102546\" src=\"https:\/\/coolbrandz.com\/wp-content\/uploads\/2025\/01\/Tag-Heuer-Carrera-Purple.jpg\" alt=\"Tag Heuer Carrera Purple\" width=\"1621\" height=\"1080\" srcset=\"https:\/\/coolbrandz.com\/wp-content\/uploads\/2025\/01\/Tag-Heuer-Carrera-Purple.jpg 1621w, https:\/\/coolbrandz.com\/wp-content\/uploads\/2025\/01\/Tag-Heuer-Carrera-Purple-1280x853.jpg 1280w, https:\/\/coolbrandz.com\/wp-content\/uploads\/2025\/01\/Tag-Heuer-Carrera-Purple-980x653.jpg 980w, https:\/\/coolbrandz.com\/wp-content\/uploads\/2025\/01\/Tag-Heuer-Carrera-Purple-480x320.jpg 480w\" sizes=\"(min-width: 0px) and (max-width: 480px) 480px, (min-width: 481px) and (max-width: 980px) 980px, (min-width: 981px) and (max-width: 1280px) 1280px, (min-width: 1281px) 1621px, 100vw\" \/><\/p>\n<p>&nbsp;<\/p>\n<p>&nbsp;<\/p>\n<h3>Pr\u00e9cision et design<\/h3>\n<p>&nbsp;<\/p>\n<p>Depuis son lancement en 1963, la TAG Heuer Carrera symbolise le chronographe sportif par excellence, au design \u00e9pur\u00e9 et fonctionnel. Inspir\u00e9e par la mythique course Carrera Panamericana, elle met l\u2019accent sur la performance et la pr\u00e9cision. En 2023, TAG Heuer a c\u00e9l\u00e9br\u00e9 les 60 ans de cette ic\u00f4ne et r\u00e9introduit le design embl\u00e9matique Glassbox. Plus lisible, plus raffin\u00e9, il renforce encore son esth\u00e9tique \u00e9l\u00e9gante.<\/p>\n<p>Aujourd\u2019hui, l\u2019histoire continue avec deux nouveaux mod\u00e8les qui viennent enrichir la s\u00e9rie Carrera Glassbox. Une combinaison fascinante de couleurs, de lumi\u00e8re et de savoir-faire qui s\u00e9duira les collectionneurs.<\/p>\n<p>&nbsp;<\/p>\n<p><img loading=\"lazy\" decoding=\"async\" class=\"alignleft size-full wp-image-102552\" src=\"https:\/\/coolbrandz.com\/wp-content\/uploads\/2025\/01\/Tag-Heuer-Carrera-Purple-Profil.jpg\" alt=\"Tag Heuer Carrera Purple Profil\" width=\"1620\" height=\"1080\" srcset=\"https:\/\/coolbrandz.com\/wp-content\/uploads\/2025\/01\/Tag-Heuer-Carrera-Purple-Profil.jpg 1620w, https:\/\/coolbrandz.com\/wp-content\/uploads\/2025\/01\/Tag-Heuer-Carrera-Purple-Profil-1280x853.jpg 1280w, https:\/\/coolbrandz.com\/wp-content\/uploads\/2025\/01\/Tag-Heuer-Carrera-Purple-Profil-980x653.jpg 980w, https:\/\/coolbrandz.com\/wp-content\/uploads\/2025\/01\/Tag-Heuer-Carrera-Purple-Profil-480x320.jpg 480w\" sizes=\"(min-width: 0px) and (max-width: 480px) 480px, (min-width: 481px) and (max-width: 980px) 980px, (min-width: 981px) and (max-width: 1280px) 1280px, (min-width: 1281px) 1620px, 100vw\" \/><\/p>\n<p>&nbsp;<\/p>\n<p>&nbsp;<\/p>\n<h3>Le purple en majest\u00e9<\/h3>\n<p>&nbsp;<\/p>\n<p>Apr\u00e8s le succ\u00e8s du chronographe TAG Heuer Monaco en violet, la marque int\u00e8gre cette teinte audacieuse dans la collection Carrera. Le cadran fum\u00e9 passe en douceur du noir profond sur les bords \u00e0 un violet vibrant au centre. Une finition bross\u00e9e soleil apporte profondeur et relief, tandis que les compteurs de chronographe noirs azur\u00e9s aux accents argent\u00e9s garantissent une lisibilit\u00e9 optimale.<\/p>\n<p>Les index et aiguilles rhodi\u00e9s, rehauss\u00e9s de Super-LumiNova, ajoutent des touches lumineuses. Le verre saphir bomb\u00e9 sublime la structure du cadran et renforce le caract\u00e8re \u00e9l\u00e9gant et innovant du design de la TAG Heuer Carrera Purple.<\/p>\n<p>&nbsp;<\/p>\n<p><img loading=\"lazy\" decoding=\"async\" class=\"alignleft size-full wp-image-102558\" src=\"https:\/\/coolbrandz.com\/wp-content\/uploads\/2025\/01\/Tag-Heuer-Carrera-Purple-Profil-Caseback.jpg\" alt=\"Tag Heuer Carrera Purple Profil Caseback\" width=\"1621\" height=\"1080\" srcset=\"https:\/\/coolbrandz.com\/wp-content\/uploads\/2025\/01\/Tag-Heuer-Carrera-Purple-Profil-Caseback.jpg 1621w, https:\/\/coolbrandz.com\/wp-content\/uploads\/2025\/01\/Tag-Heuer-Carrera-Purple-Profil-Caseback-1280x853.jpg 1280w, https:\/\/coolbrandz.com\/wp-content\/uploads\/2025\/01\/Tag-Heuer-Carrera-Purple-Profil-Caseback-980x653.jpg 980w, https:\/\/coolbrandz.com\/wp-content\/uploads\/2025\/01\/Tag-Heuer-Carrera-Purple-Profil-Caseback-480x320.jpg 480w\" sizes=\"(min-width: 0px) and (max-width: 480px) 480px, (min-width: 481px) and (max-width: 980px) 980px, (min-width: 981px) and (max-width: 1280px) 1280px, (min-width: 1281px) 1621px, 100vw\" \/><\/p>\n<p>&nbsp;<\/p>\n<p>&nbsp;<\/p>\n<h3>TAG Heuer Carrera Purple: Performance et savoir-faire horloger<\/h3>\n<p>&nbsp;<\/p>\n<p>Le chronographe Carrera embarque le mouvement Heuer 02 (TH20-00), un calibre de manufacture reconnu pour sa pr\u00e9cision et sa fiabilit\u00e9. Visible \u00e0 travers le fond saphir, il offre une impressionnante r\u00e9serve de marche de 80 heures. Le bo\u00eetier en acier inoxydable de 39 mm alterne finitions polies et bross\u00e9es pour un rendu \u00e0 la fois dynamique et raffin\u00e9.<\/p>\n<p>Le chronographe Carrera Tourbillon pousse l\u2019excellence encore plus loin. Produit en \u00e9dition limit\u00e9e \u00e0 200 exemplaires, il est \u00e9quip\u00e9 du calibre tourbillon Heuer 02 (TH20-09), avec une r\u00e9serve de marche de 65 heures. Son tourbillon, parfaitement int\u00e9gr\u00e9 dans le cadran violet fum\u00e9, incarne le summum de la pr\u00e9cision et du savoir-faire horloger.<\/p>\n<p>&nbsp;<\/p>\n<p><img loading=\"lazy\" decoding=\"async\" class=\"alignleft size-full wp-image-102563\" src=\"https:\/\/coolbrandz.com\/wp-content\/uploads\/2025\/01\/Tag-Heuer-Carrera-Purple-Detail.jpg\" alt=\"Tag Heuer Carrera Purple Detail\" width=\"1537\" height=\"1080\" srcset=\"https:\/\/coolbrandz.com\/wp-content\/uploads\/2025\/01\/Tag-Heuer-Carrera-Purple-Detail.jpg 1537w, https:\/\/coolbrandz.com\/wp-content\/uploads\/2025\/01\/Tag-Heuer-Carrera-Purple-Detail-1280x899.jpg 1280w, https:\/\/coolbrandz.com\/wp-content\/uploads\/2025\/01\/Tag-Heuer-Carrera-Purple-Detail-980x689.jpg 980w, https:\/\/coolbrandz.com\/wp-content\/uploads\/2025\/01\/Tag-Heuer-Carrera-Purple-Detail-480x337.jpg 480w\" sizes=\"(min-width: 0px) and (max-width: 480px) 480px, (min-width: 481px) and (max-width: 980px) 980px, (min-width: 981px) and (max-width: 1280px) 1280px, (min-width: 1281px) 1537px, 100vw\" \/><\/p>\n<p>&nbsp;<\/p>\n<p>&nbsp;<\/p>\n<h3>D\u00e9tails haut de gamme<\/h3>\n<p>&nbsp;<\/p>\n<p>Les deux mod\u00e8les sont mont\u00e9s sur un bracelet en cuir perfor\u00e9 noir, avec surpiq\u00fbres assorties et doublure en cuir de veau violet. Des finitions soign\u00e9es qui apportent une touche de modernit\u00e9 et de sophistication.<\/p>\n<p>&nbsp;<\/p>\n<p><img loading=\"lazy\" decoding=\"async\" class=\"alignleft size-full wp-image-102568\" src=\"https:\/\/coolbrandz.com\/wp-content\/uploads\/2025\/01\/Tag-Heuer-Carrera-Purple-Soldier-Back.jpeg\" alt=\"Tag Heuer Carrera Purple Soldier Back\" width=\"1382\" height=\"1080\" srcset=\"https:\/\/coolbrandz.com\/wp-content\/uploads\/2025\/01\/Tag-Heuer-Carrera-Purple-Soldier-Back.jpeg 1382w, https:\/\/coolbrandz.com\/wp-content\/uploads\/2025\/01\/Tag-Heuer-Carrera-Purple-Soldier-Back-1280x1000.jpeg 1280w, https:\/\/coolbrandz.com\/wp-content\/uploads\/2025\/01\/Tag-Heuer-Carrera-Purple-Soldier-Back-980x766.jpeg 980w, https:\/\/coolbrandz.com\/wp-content\/uploads\/2025\/01\/Tag-Heuer-Carrera-Purple-Soldier-Back-480x375.jpeg 480w\" sizes=\"(min-width: 0px) and (max-width: 480px) 480px, (min-width: 481px) and (max-width: 980px) 980px, (min-width: 981px) and (max-width: 1280px) 1280px, (min-width: 1281px) 1382px, 100vw\" \/><\/p>\n<p>&nbsp;<\/p>\n<p>&nbsp;<\/p>\n<h3>La Carrera r\u00e9invent\u00e9e<\/h3>\n<p>&nbsp;<\/p>\n<p>TAG Heuer continue d\u2019innover tout en restant fid\u00e8le \u00e0 son ADN. Avec leur palette de couleurs audacieuses et leur savoir-faire d\u2019exception, ces nouvelles Carrera \u00e9crivent un nouveau chapitre de la l\u00e9gende. TAG Heuer Carrera Purple, une fusion parfaite entre tradition et modernit\u00e9. \u00c0 d\u00e9couvrir d\u00e8s maintenant !<\/p>\n<p>&nbsp;<\/p>\n<p><img loading=\"lazy\" decoding=\"async\" class=\"alignleft size-full wp-image-102574\" src=\"https:\/\/coolbrandz.com\/wp-content\/uploads\/2025\/01\/Tag-Heuer-Carrera-Purple-Focus.jpeg\" alt=\"Tag Heuer Carrera Purple Focus\" width=\"1549\" height=\"1080\" srcset=\"https:\/\/coolbrandz.com\/wp-content\/uploads\/2025\/01\/Tag-Heuer-Carrera-Purple-Focus.jpeg 1549w, https:\/\/coolbrandz.com\/wp-content\/uploads\/2025\/01\/Tag-Heuer-Carrera-Purple-Focus-1280x892.jpeg 1280w, https:\/\/coolbrandz.com\/wp-content\/uploads\/2025\/01\/Tag-Heuer-Carrera-Purple-Focus-980x683.jpeg 980w, https:\/\/coolbrandz.com\/wp-content\/uploads\/2025\/01\/Tag-Heuer-Carrera-Purple-Focus-480x335.jpeg 480w\" sizes=\"(min-width: 0px) and (max-width: 480px) 480px, (min-width: 481px) and (max-width: 980px) 980px, (min-width: 981px) and (max-width: 1280px) 1280px, (min-width: 1281px) 1549px, 100vw\" \/><\/p>\n","protected":false},"excerpt":{"rendered":"<p>TAG Heuer ouvre l\u2019ann\u00e9e 2025 avec deux mod\u00e8les spectaculaires qui rejoignent la l\u00e9gendaire collection Carrera: TAG Heuer Carrera Purple. Le chronographe Carrera et le chronographe Carrera Tourbillon, d\u00e9voil\u00e9s \u00e0 la LVMH Watch Week de Los Angeles, affichent un cadran hypnotisant avec un d\u00e9grad\u00e9 noir-violet. Ces montres allient innovation et \u00e9l\u00e9gance intemporelle, tout en repoussant les [&hellip;]<\/p>\n","protected":false},"author":2,"featured_media":102541,"comment_status":"closed","ping_status":"open","sticky":false,"template":"","format":"standard","meta":{"_et_pb_use_builder":"","_et_pb_old_content":"","_et_gb_content_width":"","footnotes":""},"categories":[76],"tags":[],"class_list":["post-102915","post","type-post","status-publish","format-standard","has-post-thumbnail","hentry","category-montres"],"yoast_head":"<!-- This site is optimized with the Yoast SEO plugin v24.5 - https:\/\/yoast.com\/wordpress\/plugins\/seo\/ -->\n<title>Brand New: TAG Heuer Carrera Purple<\/title>\n<meta name=\"description\" content=\"TAG Heuer Carrera Purple : deux ajouts \u00e9poustouflants \u00e0 sa collection embl\u00e9matique Carrera. Cadran d\u00e9grad\u00e9 noir \u00e0 violet saisissant.\" \/>\n<meta name=\"robots\" content=\"index, follow, max-snippet:-1, max-image-preview:large, max-video-preview:-1\" \/>\n<link rel=\"canonical\" href=\"https:\/\/coolbrandz.com\/fr\/tag-heuer-carrera-purple\/\" \/>\n<meta property=\"og:locale\" content=\"fr_FR\" \/>\n<meta property=\"og:type\" content=\"article\" \/>\n<meta property=\"og:title\" content=\"Brand New: TAG Heuer Carrera Purple\" \/>\n<meta property=\"og:description\" content=\"TAG Heuer Carrera Purple : deux ajouts \u00e9poustouflants \u00e0 sa collection embl\u00e9matique Carrera. Cadran d\u00e9grad\u00e9 noir \u00e0 violet saisissant.\" \/>\n<meta property=\"og:url\" content=\"https:\/\/coolbrandz.com\/fr\/tag-heuer-carrera-purple\/\" \/>\n<meta property=\"og:site_name\" content=\"Coolbrandz\" \/>\n<meta property=\"article:published_time\" content=\"2025-01-21T21:44:48+00:00\" \/>\n<meta property=\"article:modified_time\" content=\"2025-02-20T23:11:45+00:00\" \/>\n<meta property=\"og:image\" content=\"https:\/\/coolbrandz.com\/wp-content\/uploads\/2025\/01\/Tag-Heuer-Carrera-Chronograph-Tourbillon-Purple.jpeg\" \/>\n\t<meta property=\"og:image:width\" content=\"1920\" \/>\n\t<meta property=\"og:image:height\" content=\"1080\" \/>\n\t<meta property=\"og:image:type\" content=\"image\/jpeg\" \/>\n<meta name=\"author\" content=\"Eileen Schuch\" \/>\n<meta name=\"twitter:card\" content=\"summary_large_image\" \/>\n<meta name=\"twitter:label1\" content=\"\u00c9crit par\" \/>\n\t<meta name=\"twitter:data1\" content=\"Eileen Schuch\" \/>\n\t<meta name=\"twitter:label2\" content=\"Dur\u00e9e de lecture estim\u00e9e\" \/>\n\t<meta name=\"twitter:data2\" content=\"4 minutes\" \/>\n<script type=\"application\/ld+json\" class=\"yoast-schema-graph\">{\"@context\":\"https:\/\/schema.org\",\"@graph\":[{\"@type\":\"Article\",\"@id\":\"https:\/\/coolbrandz.com\/fr\/tag-heuer-carrera-purple\/#article\",\"isPartOf\":{\"@id\":\"https:\/\/coolbrandz.com\/fr\/tag-heuer-carrera-purple\/\"},\"author\":{\"name\":\"Eileen Schuch\",\"@id\":\"https:\/\/coolbrandz.com\/fr\/#\/schema\/person\/575bd6c5f2758b13046a5d49cd97ce63\"},\"headline\":\"Nouveaut\u00e9 : TAG Heuer Carrera Purple\",\"datePublished\":\"2025-01-21T21:44:48+00:00\",\"dateModified\":\"2025-02-20T23:11:45+00:00\",\"mainEntityOfPage\":{\"@id\":\"https:\/\/coolbrandz.com\/fr\/tag-heuer-carrera-purple\/\"},\"wordCount\":527,\"publisher\":{\"@id\":\"https:\/\/coolbrandz.com\/fr\/#organization\"},\"image\":{\"@id\":\"https:\/\/coolbrandz.com\/fr\/tag-heuer-carrera-purple\/#primaryimage\"},\"thumbnailUrl\":\"https:\/\/coolbrandz.com\/wp-content\/uploads\/2025\/01\/Tag-Heuer-Carrera-Chronograph-Tourbillon-Purple.jpeg\",\"articleSection\":[\"Montres\"],\"inLanguage\":\"fr-FR\"},{\"@type\":\"WebPage\",\"@id\":\"https:\/\/coolbrandz.com\/fr\/tag-heuer-carrera-purple\/\",\"url\":\"https:\/\/coolbrandz.com\/fr\/tag-heuer-carrera-purple\/\",\"name\":\"Brand New: TAG Heuer Carrera Purple\",\"isPartOf\":{\"@id\":\"https:\/\/coolbrandz.com\/fr\/#website\"},\"primaryImageOfPage\":{\"@id\":\"https:\/\/coolbrandz.com\/fr\/tag-heuer-carrera-purple\/#primaryimage\"},\"image\":{\"@id\":\"https:\/\/coolbrandz.com\/fr\/tag-heuer-carrera-purple\/#primaryimage\"},\"thumbnailUrl\":\"https:\/\/coolbrandz.com\/wp-content\/uploads\/2025\/01\/Tag-Heuer-Carrera-Chronograph-Tourbillon-Purple.jpeg\",\"datePublished\":\"2025-01-21T21:44:48+00:00\",\"dateModified\":\"2025-02-20T23:11:45+00:00\",\"description\":\"TAG Heuer Carrera Purple : deux ajouts \u00e9poustouflants \u00e0 sa collection embl\u00e9matique Carrera. Cadran d\u00e9grad\u00e9 noir \u00e0 violet saisissant.\",\"breadcrumb\":{\"@id\":\"https:\/\/coolbrandz.com\/fr\/tag-heuer-carrera-purple\/#breadcrumb\"},\"inLanguage\":\"fr-FR\",\"potentialAction\":[{\"@type\":\"ReadAction\",\"target\":[\"https:\/\/coolbrandz.com\/fr\/tag-heuer-carrera-purple\/\"]}]},{\"@type\":\"ImageObject\",\"inLanguage\":\"fr-FR\",\"@id\":\"https:\/\/coolbrandz.com\/fr\/tag-heuer-carrera-purple\/#primaryimage\",\"url\":\"https:\/\/coolbrandz.com\/wp-content\/uploads\/2025\/01\/Tag-Heuer-Carrera-Chronograph-Tourbillon-Purple.jpeg\",\"contentUrl\":\"https:\/\/coolbrandz.com\/wp-content\/uploads\/2025\/01\/Tag-Heuer-Carrera-Chronograph-Tourbillon-Purple.jpeg\",\"width\":1920,\"height\":1080,\"caption\":\"Tag Heuer Carrera Chronograph Tourbillon Purple\"},{\"@type\":\"BreadcrumbList\",\"@id\":\"https:\/\/coolbrandz.com\/fr\/tag-heuer-carrera-purple\/#breadcrumb\",\"itemListElement\":[{\"@type\":\"ListItem\",\"position\":1,\"name\":\"Home\",\"item\":\"https:\/\/coolbrandz.com\/fr\/\"},{\"@type\":\"ListItem\",\"position\":2,\"name\":\"Nouveaut\u00e9 : TAG Heuer Carrera Purple\"}]},{\"@type\":\"WebSite\",\"@id\":\"https:\/\/coolbrandz.com\/fr\/#website\",\"url\":\"https:\/\/coolbrandz.com\/fr\/\",\"name\":\"Coolbrandz\",\"description\":\"Where cool people meet cool brands\",\"publisher\":{\"@id\":\"https:\/\/coolbrandz.com\/fr\/#organization\"},\"potentialAction\":[{\"@type\":\"SearchAction\",\"target\":{\"@type\":\"EntryPoint\",\"urlTemplate\":\"https:\/\/coolbrandz.com\/fr\/?s={search_term_string}\"},\"query-input\":{\"@type\":\"PropertyValueSpecification\",\"valueRequired\":true,\"valueName\":\"search_term_string\"}}],\"inLanguage\":\"fr-FR\"},{\"@type\":\"Organization\",\"@id\":\"https:\/\/coolbrandz.com\/fr\/#organization\",\"name\":\"Coolbrandz\",\"alternateName\":\"coolbrandz.com\",\"url\":\"https:\/\/coolbrandz.com\/fr\/\",\"logo\":{\"@type\":\"ImageObject\",\"inLanguage\":\"fr-FR\",\"@id\":\"https:\/\/coolbrandz.com\/fr\/#\/schema\/logo\/image\/\",\"url\":\"http:\/\/coolbrandz.com\/wp-content\/uploads\/2023\/03\/logo_coolbrandz.png\",\"contentUrl\":\"http:\/\/coolbrandz.com\/wp-content\/uploads\/2023\/03\/logo_coolbrandz.png\",\"width\":279,\"height\":150,\"caption\":\"Coolbrandz\"},\"image\":{\"@id\":\"https:\/\/coolbrandz.com\/fr\/#\/schema\/logo\/image\/\"}},{\"@type\":\"Person\",\"@id\":\"https:\/\/coolbrandz.com\/fr\/#\/schema\/person\/575bd6c5f2758b13046a5d49cd97ce63\",\"name\":\"Eileen Schuch\",\"image\":{\"@type\":\"ImageObject\",\"inLanguage\":\"fr-FR\",\"@id\":\"https:\/\/coolbrandz.com\/fr\/#\/schema\/person\/image\/\",\"url\":\"https:\/\/secure.gravatar.com\/avatar\/516be1ecd75df4ee95aecbf344a1f2a151f11869094b0f0d53e17d8a683f4eb6?s=96&d=mm&r=g\",\"contentUrl\":\"https:\/\/secure.gravatar.com\/avatar\/516be1ecd75df4ee95aecbf344a1f2a151f11869094b0f0d53e17d8a683f4eb6?s=96&d=mm&r=g\",\"caption\":\"Eileen Schuch\"},\"sameAs\":[\"http:\/\/coolbrandz.com\"],\"url\":\"https:\/\/coolbrandz.com\/fr\/author\/eileen\/\"}]}<\/script>\n<!-- \/ Yoast SEO plugin. -->","yoast_head_json":{"title":"Brand New: TAG Heuer Carrera Purple","description":"TAG Heuer Carrera Purple : deux ajouts \u00e9poustouflants \u00e0 sa collection embl\u00e9matique Carrera. Cadran d\u00e9grad\u00e9 noir \u00e0 violet saisissant.","robots":{"index":"index","follow":"follow","max-snippet":"max-snippet:-1","max-image-preview":"max-image-preview:large","max-video-preview":"max-video-preview:-1"},"canonical":"https:\/\/coolbrandz.com\/fr\/tag-heuer-carrera-purple\/","og_locale":"fr_FR","og_type":"article","og_title":"Brand New: TAG Heuer Carrera Purple","og_description":"TAG Heuer Carrera Purple : deux ajouts \u00e9poustouflants \u00e0 sa collection embl\u00e9matique Carrera. Cadran d\u00e9grad\u00e9 noir \u00e0 violet saisissant.","og_url":"https:\/\/coolbrandz.com\/fr\/tag-heuer-carrera-purple\/","og_site_name":"Coolbrandz","article_published_time":"2025-01-21T21:44:48+00:00","article_modified_time":"2025-02-20T23:11:45+00:00","og_image":[{"width":1920,"height":1080,"url":"https:\/\/coolbrandz.com\/wp-content\/uploads\/2025\/01\/Tag-Heuer-Carrera-Chronograph-Tourbillon-Purple.jpeg","type":"image\/jpeg"}],"author":"Eileen Schuch","twitter_card":"summary_large_image","twitter_misc":{"\u00c9crit par":"Eileen Schuch","Dur\u00e9e de lecture estim\u00e9e":"4 minutes"},"schema":{"@context":"https:\/\/schema.org","@graph":[{"@type":"Article","@id":"https:\/\/coolbrandz.com\/fr\/tag-heuer-carrera-purple\/#article","isPartOf":{"@id":"https:\/\/coolbrandz.com\/fr\/tag-heuer-carrera-purple\/"},"author":{"name":"Eileen Schuch","@id":"https:\/\/coolbrandz.com\/fr\/#\/schema\/person\/575bd6c5f2758b13046a5d49cd97ce63"},"headline":"Nouveaut\u00e9 : TAG Heuer Carrera Purple","datePublished":"2025-01-21T21:44:48+00:00","dateModified":"2025-02-20T23:11:45+00:00","mainEntityOfPage":{"@id":"https:\/\/coolbrandz.com\/fr\/tag-heuer-carrera-purple\/"},"wordCount":527,"publisher":{"@id":"https:\/\/coolbrandz.com\/fr\/#organization"},"image":{"@id":"https:\/\/coolbrandz.com\/fr\/tag-heuer-carrera-purple\/#primaryimage"},"thumbnailUrl":"https:\/\/coolbrandz.com\/wp-content\/uploads\/2025\/01\/Tag-Heuer-Carrera-Chronograph-Tourbillon-Purple.jpeg","articleSection":["Montres"],"inLanguage":"fr-FR"},{"@type":"WebPage","@id":"https:\/\/coolbrandz.com\/fr\/tag-heuer-carrera-purple\/","url":"https:\/\/coolbrandz.com\/fr\/tag-heuer-carrera-purple\/","name":"Brand New: TAG Heuer Carrera Purple","isPartOf":{"@id":"https:\/\/coolbrandz.com\/fr\/#website"},"primaryImageOfPage":{"@id":"https:\/\/coolbrandz.com\/fr\/tag-heuer-carrera-purple\/#primaryimage"},"image":{"@id":"https:\/\/coolbrandz.com\/fr\/tag-heuer-carrera-purple\/#primaryimage"},"thumbnailUrl":"https:\/\/coolbrandz.com\/wp-content\/uploads\/2025\/01\/Tag-Heuer-Carrera-Chronograph-Tourbillon-Purple.jpeg","datePublished":"2025-01-21T21:44:48+00:00","dateModified":"2025-02-20T23:11:45+00:00","description":"TAG Heuer Carrera Purple : deux ajouts \u00e9poustouflants \u00e0 sa collection embl\u00e9matique Carrera. Cadran d\u00e9grad\u00e9 noir \u00e0 violet saisissant.","breadcrumb":{"@id":"https:\/\/coolbrandz.com\/fr\/tag-heuer-carrera-purple\/#breadcrumb"},"inLanguage":"fr-FR","potentialAction":[{"@type":"ReadAction","target":["https:\/\/coolbrandz.com\/fr\/tag-heuer-carrera-purple\/"]}]},{"@type":"ImageObject","inLanguage":"fr-FR","@id":"https:\/\/coolbrandz.com\/fr\/tag-heuer-carrera-purple\/#primaryimage","url":"https:\/\/coolbrandz.com\/wp-content\/uploads\/2025\/01\/Tag-Heuer-Carrera-Chronograph-Tourbillon-Purple.jpeg","contentUrl":"https:\/\/coolbrandz.com\/wp-content\/uploads\/2025\/01\/Tag-Heuer-Carrera-Chronograph-Tourbillon-Purple.jpeg","width":1920,"height":1080,"caption":"Tag Heuer Carrera Chronograph Tourbillon Purple"},{"@type":"BreadcrumbList","@id":"https:\/\/coolbrandz.com\/fr\/tag-heuer-carrera-purple\/#breadcrumb","itemListElement":[{"@type":"ListItem","position":1,"name":"Home","item":"https:\/\/coolbrandz.com\/fr\/"},{"@type":"ListItem","position":2,"name":"Nouveaut\u00e9 : TAG Heuer Carrera Purple"}]},{"@type":"WebSite","@id":"https:\/\/coolbrandz.com\/fr\/#website","url":"https:\/\/coolbrandz.com\/fr\/","name":"Coolbrandz","description":"Where cool people meet cool brands","publisher":{"@id":"https:\/\/coolbrandz.com\/fr\/#organization"},"potentialAction":[{"@type":"SearchAction","target":{"@type":"EntryPoint","urlTemplate":"https:\/\/coolbrandz.com\/fr\/?s={search_term_string}"},"query-input":{"@type":"PropertyValueSpecification","valueRequired":true,"valueName":"search_term_string"}}],"inLanguage":"fr-FR"},{"@type":"Organization","@id":"https:\/\/coolbrandz.com\/fr\/#organization","name":"Coolbrandz","alternateName":"coolbrandz.com","url":"https:\/\/coolbrandz.com\/fr\/","logo":{"@type":"ImageObject","inLanguage":"fr-FR","@id":"https:\/\/coolbrandz.com\/fr\/#\/schema\/logo\/image\/","url":"http:\/\/coolbrandz.com\/wp-content\/uploads\/2023\/03\/logo_coolbrandz.png","contentUrl":"http:\/\/coolbrandz.com\/wp-content\/uploads\/2023\/03\/logo_coolbrandz.png","width":279,"height":150,"caption":"Coolbrandz"},"image":{"@id":"https:\/\/coolbrandz.com\/fr\/#\/schema\/logo\/image\/"}},{"@type":"Person","@id":"https:\/\/coolbrandz.com\/fr\/#\/schema\/person\/575bd6c5f2758b13046a5d49cd97ce63","name":"Eileen Schuch","image":{"@type":"ImageObject","inLanguage":"fr-FR","@id":"https:\/\/coolbrandz.com\/fr\/#\/schema\/person\/image\/","url":"https:\/\/secure.gravatar.com\/avatar\/516be1ecd75df4ee95aecbf344a1f2a151f11869094b0f0d53e17d8a683f4eb6?s=96&d=mm&r=g","contentUrl":"https:\/\/secure.gravatar.com\/avatar\/516be1ecd75df4ee95aecbf344a1f2a151f11869094b0f0d53e17d8a683f4eb6?s=96&d=mm&r=g","caption":"Eileen Schuch"},"sameAs":["http:\/\/coolbrandz.com"],"url":"https:\/\/coolbrandz.com\/fr\/author\/eileen\/"}]}},"_links":{"self":[{"href":"https:\/\/coolbrandz.com\/fr\/wp-json\/wp\/v2\/posts\/102915","targetHints":{"allow":["GET"]}}],"collection":[{"href":"https:\/\/coolbrandz.com\/fr\/wp-json\/wp\/v2\/posts"}],"about":[{"href":"https:\/\/coolbrandz.com\/fr\/wp-json\/wp\/v2\/types\/post"}],"author":[{"embeddable":true,"href":"https:\/\/coolbrandz.com\/fr\/wp-json\/wp\/v2\/users\/2"}],"replies":[{"embeddable":true,"href":"https:\/\/coolbrandz.com\/fr\/wp-json\/wp\/v2\/comments?post=102915"}],"version-history":[{"count":3,"href":"https:\/\/coolbrandz.com\/fr\/wp-json\/wp\/v2\/posts\/102915\/revisions"}],"predecessor-version":[{"id":102918,"href":"https:\/\/coolbrandz.com\/fr\/wp-json\/wp\/v2\/posts\/102915\/revisions\/102918"}],"wp:featuredmedia":[{"embeddable":true,"href":"https:\/\/coolbrandz.com\/fr\/wp-json\/wp\/v2\/media\/102541"}],"wp:attachment":[{"href":"https:\/\/coolbrandz.com\/fr\/wp-json\/wp\/v2\/media?parent=102915"}],"wp:term":[{"taxonomy":"category","embeddable":true,"href":"https:\/\/coolbrandz.com\/fr\/wp-json\/wp\/v2\/categories?post=102915"},{"taxonomy":"post_tag","embeddable":true,"href":"https:\/\/coolbrandz.com\/fr\/wp-json\/wp\/v2\/tags?post=102915"}],"curies":[{"name":"wp","href":"https:\/\/api.w.org\/{rel}","templated":true}]}}