{"id":80035,"date":"2022-10-06T00:05:39","date_gmt":"2022-10-05T22:05:39","guid":{"rendered":"https:\/\/coolbrandz.com\/terrazas-de-los-andes-malbec-reserva\/"},"modified":"2023-08-16T04:37:10","modified_gmt":"2023-08-16T02:37:10","slug":"terrazas-de-los-andes-malbec-reserva","status":"publish","type":"post","link":"https:\/\/coolbrandz.com\/fr\/terrazas-de-los-andes-malbec-reserva\/","title":{"rendered":"Terrazas de los Andes Malbec Reserva: le compagnon id\u00e9al des grillades"},"content":{"rendered":"<p>Rien n&rsquo;est plus plaisant que de s&rsquo;asseoir avec des amis en toute convivialit\u00e9 et de pr\u00e9parer ensemble le d\u00eener sur le barbecue. Qu&rsquo;il s&rsquo;agisse d&rsquo;un bon morceau de viande, d&rsquo;une palette vari\u00e9e de l\u00e9gumes ou d&rsquo;une sp\u00e9cialit\u00e9 de fromage \u00e0 p\u00e2te dure comme le fromage de ch\u00e8vre &#8211; en combinaison avec ce vin rouge, c&rsquo;est un vrai r\u00e9gal\u00a0! \u00c0 cette occasion, Mo\u00ebt Hennessy Suisse est heureux de pr\u00e9senter son <a href=\"https:\/\/www.terrazasdelosandes.com\/\">Malbec Reserva 2019<\/a>\u00a0: il s\u00e9duit avec ses ar\u00f4mes de fruits rouges et noirs, comme la cerise et la prune, et pr\u00e9sente une expression complexe, d\u00e9licate et \u00e9l\u00e9gante.<\/p>\n<p>&nbsp;<\/p>\n<p><img loading=\"lazy\" decoding=\"async\" class=\"alignnone size-full wp-image-80016\" src=\"http:\/\/coolbrandz.com\/wp-content\/uploads\/2022\/10\/Terrazas-de-los-Andes-Malbec-Reserva-Autumn.png\" alt=\"Terrazas de los Andes Malbec Reserva Autumn\" width=\"875\" height=\"584\" srcset=\"http:\/\/coolbrandz.com\/wp-content\/uploads\/2022\/10\/Terrazas-de-los-Andes-Malbec-Reserva-Autumn.png 875w, http:\/\/coolbrandz.com\/wp-content\/uploads\/2022\/10\/Terrazas-de-los-Andes-Malbec-Reserva-Autumn-480x320.png 480w\" sizes=\"(min-width: 0px) and (max-width: 480px) 480px, (min-width: 481px) 875px, 100vw\" \/><\/p>\n<p>&nbsp;<\/p>\n<p>&nbsp;<\/p>\n<p><strong>Malbec Reserva\u00a0: un vin aux ar\u00f4mes particuli\u00e8rement complexes<\/strong><\/p>\n<p>Ce vin rouge arbore une couleur rouge rubis intense. Au nez, il est complexe et vari\u00e9 avec des ar\u00f4mes de cerise, de prune et de violette et de douces notes grill\u00e9es de ch\u00eane. En bouche, une attaque douce se transforme en un milieu de bouche cors\u00e9, soutenu par des tanins suaves et ronds, suivie d\u2019une finale juteuse qui rappelle les fruits rouges et noirs, toute en fra\u00eecheur.<\/p>\n<p>Le Malbec, qui s&rsquo;\u00e9panouit dans les conditions naturelles uniques des Andes, est devenu l&rsquo;incarnation de l&rsquo;identit\u00e9 argentine\u00a0: ses vignes n&rsquo;ont jamais \u00e9t\u00e9 arrach\u00e9es au cours des 90 ans de son histoire, ce qui se refl\u00e8te aujourd&rsquo;hui dans ses ar\u00f4mes. Il incarne la g\u00e9n\u00e9rosit\u00e9 et l&rsquo;intensit\u00e9, tout en offrant une grande vari\u00e9t\u00e9 d&rsquo;expressions et des tanins de qualit\u00e9. Les vins de Malbec sont particuli\u00e8rement appr\u00e9ci\u00e9s pour leur souplesse et leur sensation de pl\u00e9nitude en bouche. Les Malbecs de la vall\u00e9e d&rsquo;Uco se caract\u00e9risent par une grande fra\u00eecheur aromatique avec des notes min\u00e9rales de fruits rouges et noirs. En bouche, ils pr\u00e9sentent une acidit\u00e9 \u00e9quilibr\u00e9e et une concentration optimale en polyph\u00e9nols. Les vins de Lujan de Cuyo atteignent une acidit\u00e9 l\u00e9g\u00e8rement sup\u00e9rieure \u00e0 celle de l&rsquo;ann\u00e9e pr\u00e9c\u00e9dente et une concentration plus \u00e9lev\u00e9e.<\/p>\n<p>&nbsp;<\/p>\n<p><img loading=\"lazy\" decoding=\"async\" class=\"alignnone size-full wp-image-80023\" src=\"http:\/\/coolbrandz.com\/wp-content\/uploads\/2022\/10\/Terrazas-de-los-Andes-Malbec-Reserva-Wine-Cellar.png\" alt=\"Terrazas de los Andes Malbec Reserva Wine Cellar\" width=\"875\" height=\"584\" srcset=\"http:\/\/coolbrandz.com\/wp-content\/uploads\/2022\/10\/Terrazas-de-los-Andes-Malbec-Reserva-Wine-Cellar.png 875w, http:\/\/coolbrandz.com\/wp-content\/uploads\/2022\/10\/Terrazas-de-los-Andes-Malbec-Reserva-Wine-Cellar-480x320.png 480w\" sizes=\"(min-width: 0px) and (max-width: 480px) 480px, (min-width: 481px) 875px, 100vw\" \/><\/p>\n<p>&nbsp;<\/p>\n<p>&nbsp;<\/p>\n<p><strong>Les vignes argentines, fa\u00e7onn\u00e9es par la nature et les \u00e9l\u00e9ments<\/strong><\/p>\n<p>Les vignobles qui forment ce vin, situ\u00e9s au c\u0153ur du Lujan de Cuyo de Mendoza et de la vall\u00e9e d&rsquo;Uco, sont entour\u00e9s de hauts sommets. Il s&rsquo;agit d&rsquo;un assemblage de plus de 100\u00a0parcelles issues de six vignobles appartenant au domaine. Les altitudes vont ici de 1\u2019070 \u00e0 1\u2019250 m\u00e8tres au-dessus du niveau de la mer\u00a0: le climat d&rsquo;altitude, avec ses faibles pr\u00e9cipitations, ses sols rocheux et le manque d&rsquo;\u00e9l\u00e9ments organiques dans le sol, oblige les vignes \u00e0 lutter \u00e2prement pour obtenir l&rsquo;eau et les nutriments n\u00e9cessaires \u00e0 sa croissance. Pour cette raison, les raisins ont des ar\u00f4mes particuli\u00e8rement vifs et intenses. L&rsquo;altitude assure des journ\u00e9es chaudes et ensoleill\u00e9es qui permettent aux raisins de s&rsquo;\u00e9panouir, suivies de nuits froides qui ralentissent leur maturation, ce qui limite l&rsquo;acidit\u00e9 du vin.<\/p>\n<p>&nbsp;<\/p>\n<p><img loading=\"lazy\" decoding=\"async\" class=\"alignnone size-full wp-image-80029\" src=\"http:\/\/coolbrandz.com\/wp-content\/uploads\/2022\/10\/Terrazas-de-los-Andes-Malbec-Reserva-Vineyards-Argentina.png\" alt=\"Terrazas de los Andes Malbec Reserva Vineyards Argentina\" width=\"875\" height=\"349\" srcset=\"http:\/\/coolbrandz.com\/wp-content\/uploads\/2022\/10\/Terrazas-de-los-Andes-Malbec-Reserva-Vineyards-Argentina.png 875w, http:\/\/coolbrandz.com\/wp-content\/uploads\/2022\/10\/Terrazas-de-los-Andes-Malbec-Reserva-Vineyards-Argentina-480x191.png 480w\" sizes=\"(min-width: 0px) and (max-width: 480px) 480px, (min-width: 481px) 875px, 100vw\" \/><\/p>\n<p>&nbsp;<\/p>\n<p>&nbsp;<\/p>\n<p><strong>Herv\u00e9 Birnie-Scott\u00a0: la vision d\u2019un homme<\/strong><\/p>\n<p>L&rsquo;agronome et \u0153nologue fran\u00e7ais originaire de la vall\u00e9e de la Loire n&rsquo;avait que 25\u00a0ans lorsqu&rsquo;il se rendit en Argentine. Il avait d\u00e9j\u00e0 acquis une exp\u00e9rience consid\u00e9rable dans des r\u00e9gions viticoles telles que le Sancerre fran\u00e7ais, le Victoria australien et la c\u00f4te nord de la Californie. En tant qu&rsquo;expert en vinification dans les climats frais, les hauteurs des Andes l&rsquo;avaient attir\u00e9 et il commen\u00e7a \u00e0 analyser minutieusement les sols de la r\u00e9gion. Quatre ans apr\u00e8s la fin de ses \u00e9tudes, il rencontra l&rsquo;\u0153nologue en chef de Mo\u00ebt &amp; Chandon, qui s&rsquo;int\u00e9ressait \u00e9galement \u00e0 cette r\u00e9gion viticole. Ensemble, ils fond\u00e8rent le domaine Terrazas de los Andes et, trois ans plus tard, ils cr\u00e9\u00e8rent le premier Malbec Reserva.<\/p>\n<p>\u00ab\u00a0L&rsquo;histoire et l&rsquo;h\u00e9ritage de Terrazas de los Andes trouve son origine il y a trois d\u00e9cennies, lorsque nous avons commenc\u00e9 \u00e0 transformer les raisins argentins pour qu&rsquo;ils aient la place qu&rsquo;ils m\u00e9ritent sur la carte mondiale du vin. Fond\u00e9 par des pionniers, adopt\u00e9 par les autochtones et cr\u00e9\u00e9 par les Andes, notre vignoble m\u00e9rite, par son authenticit\u00e9, d&rsquo;\u00eatre reconnu comme le lieu d&rsquo;origine de grands vins.\u00a0\u00bb<\/p>\n<p>&nbsp;<\/p>\n<p><strong>Terrazas de los Andes, un vignoble durable<\/strong><\/p>\n<p>Au cours de ces 26 derni\u00e8res ann\u00e9es, le vignoble de Terrazas de los Andes s&rsquo;est \u00e9tendu \u00e0 537\u00a0hectares, r\u00e9partis sur 220\u00a0parcelles et 10\u00a0vignobles. \u00c0 l&rsquo;instar de ses vins, le domaine est profond\u00e9ment enracin\u00e9 dans son environnement depuis sa cr\u00e9ation en 1996, qu\u2019il s\u2019agisse des sols sur lesquels poussent les vignes ou encore de la communaut\u00e9 locale \u00e0 laquelle l&rsquo;entreprise appartient. Maintenir un fragile \u00e9quilibre \u00e9cologique et contribuer au bien-\u00eatre des populations locales sont des priorit\u00e9s absolues depuis sa cr\u00e9ation\u00a0:<\/p>\n<ul>\n<li>Consommation d&rsquo;eau\u00a0: 90\u00a0% des vignobles sont irrigu\u00e9s au goutte-\u00e0-goutte, l&rsquo;efficacit\u00e9 de la consommation d&rsquo;eau \u00e9tant la priorit\u00e9 absolue et rien n&rsquo;\u00e9tant gaspill\u00e9.<\/li>\n<li>Eaux us\u00e9es\u00a0: 100\u00a0% des eaux us\u00e9es sont r\u00e9utilis\u00e9es \u00e0 des fins agricoles.<\/li>\n<li>\u00c9nergie\u00a0: 60\u00a0m2 de panneaux solaires ont permis de r\u00e9duire les \u00e9missions de CO2 de 50\u00a0%.<\/li>\n<li>Recyclage\u00a0: le carton, les plastiques, le verre et les mati\u00e8res organiques sont recycl\u00e9s.<\/li>\n<li>Technologie\u00a0: Terrazas de los Andes est la premi\u00e8re cave sud-am\u00e9ricaine \u00e0 utiliser un d\u00e9sherbeur m\u00e9canique qui permet de r\u00e9duire jusqu&rsquo;\u00e0 80\u00a0% l&rsquo;utilisation de pesticides.<\/li>\n<li>\u00c9tiquette\u00a0: le vignoble a obtenu la certification ISO 14001 pour son int\u00e9grit\u00e9 environnementale.<\/li>\n<\/ul>\n<p>TERRAZAS DE LOS ANDES Malbec Reserva 2019 est disponible \u00e0 un prix de vente au d\u00e9tail conseill\u00e9 de CHF 16,90 (75\u00a0cl) sur <a href=\"https:\/\/www.flaschenpost.ch\/entdecken\/produzent\/terrazas-de-los-andes\">Flaschenpost.ch<\/a>, <a href=\"https:\/\/www.drinks.ch\/de\/marken\/terrazas-de-los-andes.html\">Drinks.ch<\/a> et <a href=\"https:\/\/www.zweifel1898.ch\">Zweifel Weine<\/a>.<\/p>\n","protected":false},"excerpt":{"rendered":"<p>Rien n&rsquo;est plus plaisant que de s&rsquo;asseoir avec des amis en toute convivialit\u00e9 et de pr\u00e9parer ensemble le d\u00eener sur le barbecue. Qu&rsquo;il s&rsquo;agisse d&rsquo;un bon morceau de viande, d&rsquo;une palette vari\u00e9e de l\u00e9gumes ou d&rsquo;une sp\u00e9cialit\u00e9 de fromage \u00e0 p\u00e2te dure comme le fromage de ch\u00e8vre &#8211; en combinaison avec ce vin rouge, c&rsquo;est [&hellip;]<\/p>\n","protected":false},"author":2,"featured_media":80013,"comment_status":"closed","ping_status":"open","sticky":false,"template":"","format":"standard","meta":{"_et_pb_use_builder":"","_et_pb_old_content":"","_et_gb_content_width":"","footnotes":""},"categories":[70],"tags":[],"class_list":["post-80035","post","type-post","status-publish","format-standard","has-post-thumbnail","hentry","category-cuisine"],"yoast_head":"<!-- This site is optimized with the Yoast SEO plugin v24.5 - https:\/\/yoast.com\/wordpress\/plugins\/seo\/ -->\n<title>Terrazas de los Andes Malbec Reserva<\/title>\n<meta name=\"description\" content=\"Terrazas de los Andes Malbec Reserva: compagnon id\u00e9al des grillades. S\u00e9duit avec ar\u00f4mes de fruits rouges et noirs, et une expression complexe.\" \/>\n<meta name=\"robots\" content=\"index, follow, max-snippet:-1, max-image-preview:large, max-video-preview:-1\" \/>\n<link rel=\"canonical\" href=\"https:\/\/coolbrandz.com\/fr\/terrazas-de-los-andes-malbec-reserva\/\" \/>\n<meta property=\"og:locale\" content=\"fr_FR\" \/>\n<meta property=\"og:type\" content=\"article\" \/>\n<meta property=\"og:title\" content=\"Terrazas de los Andes Malbec Reserva\" \/>\n<meta property=\"og:description\" content=\"Terrazas de los Andes Malbec Reserva: compagnon id\u00e9al des grillades. S\u00e9duit avec ar\u00f4mes de fruits rouges et noirs, et une expression complexe.\" \/>\n<meta property=\"og:url\" content=\"https:\/\/coolbrandz.com\/fr\/terrazas-de-los-andes-malbec-reserva\/\" \/>\n<meta property=\"og:site_name\" content=\"Coolbrandz\" \/>\n<meta property=\"article:published_time\" content=\"2022-10-05T22:05:39+00:00\" \/>\n<meta property=\"article:modified_time\" content=\"2023-08-16T02:37:10+00:00\" \/>\n<meta property=\"og:image\" content=\"https:\/\/coolbrandz.com\/wp-content\/uploads\/2022\/10\/Terrazas-de-los-Andes-Malbec-Reserva-1.jpeg\" \/>\n\t<meta property=\"og:image:width\" content=\"875\" \/>\n\t<meta property=\"og:image:height\" content=\"492\" \/>\n\t<meta property=\"og:image:type\" content=\"image\/jpeg\" \/>\n<meta name=\"author\" content=\"Eileen Schuch\" \/>\n<meta name=\"twitter:card\" content=\"summary_large_image\" \/>\n<meta name=\"twitter:label1\" content=\"\u00c9crit par\" \/>\n\t<meta name=\"twitter:data1\" content=\"Eileen Schuch\" \/>\n\t<meta name=\"twitter:label2\" content=\"Dur\u00e9e de lecture estim\u00e9e\" \/>\n\t<meta name=\"twitter:data2\" content=\"5 minutes\" \/>\n<script type=\"application\/ld+json\" class=\"yoast-schema-graph\">{\"@context\":\"https:\/\/schema.org\",\"@graph\":[{\"@type\":\"Article\",\"@id\":\"https:\/\/coolbrandz.com\/fr\/terrazas-de-los-andes-malbec-reserva\/#article\",\"isPartOf\":{\"@id\":\"https:\/\/coolbrandz.com\/fr\/terrazas-de-los-andes-malbec-reserva\/\"},\"author\":{\"name\":\"Eileen Schuch\",\"@id\":\"https:\/\/coolbrandz.com\/fr\/#\/schema\/person\/575bd6c5f2758b13046a5d49cd97ce63\"},\"headline\":\"Terrazas de los Andes Malbec Reserva: le compagnon id\u00e9al des grillades\",\"datePublished\":\"2022-10-05T22:05:39+00:00\",\"dateModified\":\"2023-08-16T02:37:10+00:00\",\"mainEntityOfPage\":{\"@id\":\"https:\/\/coolbrandz.com\/fr\/terrazas-de-los-andes-malbec-reserva\/\"},\"wordCount\":948,\"publisher\":{\"@id\":\"https:\/\/coolbrandz.com\/fr\/#organization\"},\"image\":{\"@id\":\"https:\/\/coolbrandz.com\/fr\/terrazas-de-los-andes-malbec-reserva\/#primaryimage\"},\"thumbnailUrl\":\"https:\/\/coolbrandz.com\/wp-content\/uploads\/2022\/10\/Terrazas-de-los-Andes-Malbec-Reserva-1.jpeg\",\"articleSection\":[\"Cuisine\"],\"inLanguage\":\"fr-FR\"},{\"@type\":\"WebPage\",\"@id\":\"https:\/\/coolbrandz.com\/fr\/terrazas-de-los-andes-malbec-reserva\/\",\"url\":\"https:\/\/coolbrandz.com\/fr\/terrazas-de-los-andes-malbec-reserva\/\",\"name\":\"Terrazas de los Andes Malbec Reserva\",\"isPartOf\":{\"@id\":\"https:\/\/coolbrandz.com\/fr\/#website\"},\"primaryImageOfPage\":{\"@id\":\"https:\/\/coolbrandz.com\/fr\/terrazas-de-los-andes-malbec-reserva\/#primaryimage\"},\"image\":{\"@id\":\"https:\/\/coolbrandz.com\/fr\/terrazas-de-los-andes-malbec-reserva\/#primaryimage\"},\"thumbnailUrl\":\"https:\/\/coolbrandz.com\/wp-content\/uploads\/2022\/10\/Terrazas-de-los-Andes-Malbec-Reserva-1.jpeg\",\"datePublished\":\"2022-10-05T22:05:39+00:00\",\"dateModified\":\"2023-08-16T02:37:10+00:00\",\"description\":\"Terrazas de los Andes Malbec Reserva: compagnon id\u00e9al des grillades. S\u00e9duit avec ar\u00f4mes de fruits rouges et noirs, et une expression complexe.\",\"breadcrumb\":{\"@id\":\"https:\/\/coolbrandz.com\/fr\/terrazas-de-los-andes-malbec-reserva\/#breadcrumb\"},\"inLanguage\":\"fr-FR\",\"potentialAction\":[{\"@type\":\"ReadAction\",\"target\":[\"https:\/\/coolbrandz.com\/fr\/terrazas-de-los-andes-malbec-reserva\/\"]}]},{\"@type\":\"ImageObject\",\"inLanguage\":\"fr-FR\",\"@id\":\"https:\/\/coolbrandz.com\/fr\/terrazas-de-los-andes-malbec-reserva\/#primaryimage\",\"url\":\"https:\/\/coolbrandz.com\/wp-content\/uploads\/2022\/10\/Terrazas-de-los-Andes-Malbec-Reserva-1.jpeg\",\"contentUrl\":\"https:\/\/coolbrandz.com\/wp-content\/uploads\/2022\/10\/Terrazas-de-los-Andes-Malbec-Reserva-1.jpeg\",\"width\":875,\"height\":492,\"caption\":\"Terrazas de los Andes Malbec Reserva\"},{\"@type\":\"BreadcrumbList\",\"@id\":\"https:\/\/coolbrandz.com\/fr\/terrazas-de-los-andes-malbec-reserva\/#breadcrumb\",\"itemListElement\":[{\"@type\":\"ListItem\",\"position\":1,\"name\":\"Home\",\"item\":\"https:\/\/coolbrandz.com\/fr\/\"},{\"@type\":\"ListItem\",\"position\":2,\"name\":\"Terrazas de los Andes Malbec Reserva: le compagnon id\u00e9al des grillades\"}]},{\"@type\":\"WebSite\",\"@id\":\"https:\/\/coolbrandz.com\/fr\/#website\",\"url\":\"https:\/\/coolbrandz.com\/fr\/\",\"name\":\"Coolbrandz\",\"description\":\"Where cool people meet cool brands\",\"publisher\":{\"@id\":\"https:\/\/coolbrandz.com\/fr\/#organization\"},\"potentialAction\":[{\"@type\":\"SearchAction\",\"target\":{\"@type\":\"EntryPoint\",\"urlTemplate\":\"https:\/\/coolbrandz.com\/fr\/?s={search_term_string}\"},\"query-input\":{\"@type\":\"PropertyValueSpecification\",\"valueRequired\":true,\"valueName\":\"search_term_string\"}}],\"inLanguage\":\"fr-FR\"},{\"@type\":\"Organization\",\"@id\":\"https:\/\/coolbrandz.com\/fr\/#organization\",\"name\":\"Coolbrandz\",\"alternateName\":\"coolbrandz.com\",\"url\":\"https:\/\/coolbrandz.com\/fr\/\",\"logo\":{\"@type\":\"ImageObject\",\"inLanguage\":\"fr-FR\",\"@id\":\"https:\/\/coolbrandz.com\/fr\/#\/schema\/logo\/image\/\",\"url\":\"http:\/\/coolbrandz.com\/wp-content\/uploads\/2023\/03\/logo_coolbrandz.png\",\"contentUrl\":\"http:\/\/coolbrandz.com\/wp-content\/uploads\/2023\/03\/logo_coolbrandz.png\",\"width\":279,\"height\":150,\"caption\":\"Coolbrandz\"},\"image\":{\"@id\":\"https:\/\/coolbrandz.com\/fr\/#\/schema\/logo\/image\/\"}},{\"@type\":\"Person\",\"@id\":\"https:\/\/coolbrandz.com\/fr\/#\/schema\/person\/575bd6c5f2758b13046a5d49cd97ce63\",\"name\":\"Eileen Schuch\",\"image\":{\"@type\":\"ImageObject\",\"inLanguage\":\"fr-FR\",\"@id\":\"https:\/\/coolbrandz.com\/fr\/#\/schema\/person\/image\/\",\"url\":\"https:\/\/secure.gravatar.com\/avatar\/516be1ecd75df4ee95aecbf344a1f2a151f11869094b0f0d53e17d8a683f4eb6?s=96&d=mm&r=g\",\"contentUrl\":\"https:\/\/secure.gravatar.com\/avatar\/516be1ecd75df4ee95aecbf344a1f2a151f11869094b0f0d53e17d8a683f4eb6?s=96&d=mm&r=g\",\"caption\":\"Eileen Schuch\"},\"sameAs\":[\"http:\/\/coolbrandz.com\"],\"url\":\"https:\/\/coolbrandz.com\/fr\/author\/eileen\/\"}]}<\/script>\n<!-- \/ Yoast SEO plugin. -->","yoast_head_json":{"title":"Terrazas de los Andes Malbec Reserva","description":"Terrazas de los Andes Malbec Reserva: compagnon id\u00e9al des grillades. S\u00e9duit avec ar\u00f4mes de fruits rouges et noirs, et une expression complexe.","robots":{"index":"index","follow":"follow","max-snippet":"max-snippet:-1","max-image-preview":"max-image-preview:large","max-video-preview":"max-video-preview:-1"},"canonical":"https:\/\/coolbrandz.com\/fr\/terrazas-de-los-andes-malbec-reserva\/","og_locale":"fr_FR","og_type":"article","og_title":"Terrazas de los Andes Malbec Reserva","og_description":"Terrazas de los Andes Malbec Reserva: compagnon id\u00e9al des grillades. S\u00e9duit avec ar\u00f4mes de fruits rouges et noirs, et une expression complexe.","og_url":"https:\/\/coolbrandz.com\/fr\/terrazas-de-los-andes-malbec-reserva\/","og_site_name":"Coolbrandz","article_published_time":"2022-10-05T22:05:39+00:00","article_modified_time":"2023-08-16T02:37:10+00:00","og_image":[{"width":875,"height":492,"url":"https:\/\/coolbrandz.com\/wp-content\/uploads\/2022\/10\/Terrazas-de-los-Andes-Malbec-Reserva-1.jpeg","type":"image\/jpeg"}],"author":"Eileen Schuch","twitter_card":"summary_large_image","twitter_misc":{"\u00c9crit par":"Eileen Schuch","Dur\u00e9e de lecture estim\u00e9e":"5 minutes"},"schema":{"@context":"https:\/\/schema.org","@graph":[{"@type":"Article","@id":"https:\/\/coolbrandz.com\/fr\/terrazas-de-los-andes-malbec-reserva\/#article","isPartOf":{"@id":"https:\/\/coolbrandz.com\/fr\/terrazas-de-los-andes-malbec-reserva\/"},"author":{"name":"Eileen Schuch","@id":"https:\/\/coolbrandz.com\/fr\/#\/schema\/person\/575bd6c5f2758b13046a5d49cd97ce63"},"headline":"Terrazas de los Andes Malbec Reserva: le compagnon id\u00e9al des grillades","datePublished":"2022-10-05T22:05:39+00:00","dateModified":"2023-08-16T02:37:10+00:00","mainEntityOfPage":{"@id":"https:\/\/coolbrandz.com\/fr\/terrazas-de-los-andes-malbec-reserva\/"},"wordCount":948,"publisher":{"@id":"https:\/\/coolbrandz.com\/fr\/#organization"},"image":{"@id":"https:\/\/coolbrandz.com\/fr\/terrazas-de-los-andes-malbec-reserva\/#primaryimage"},"thumbnailUrl":"https:\/\/coolbrandz.com\/wp-content\/uploads\/2022\/10\/Terrazas-de-los-Andes-Malbec-Reserva-1.jpeg","articleSection":["Cuisine"],"inLanguage":"fr-FR"},{"@type":"WebPage","@id":"https:\/\/coolbrandz.com\/fr\/terrazas-de-los-andes-malbec-reserva\/","url":"https:\/\/coolbrandz.com\/fr\/terrazas-de-los-andes-malbec-reserva\/","name":"Terrazas de los Andes Malbec Reserva","isPartOf":{"@id":"https:\/\/coolbrandz.com\/fr\/#website"},"primaryImageOfPage":{"@id":"https:\/\/coolbrandz.com\/fr\/terrazas-de-los-andes-malbec-reserva\/#primaryimage"},"image":{"@id":"https:\/\/coolbrandz.com\/fr\/terrazas-de-los-andes-malbec-reserva\/#primaryimage"},"thumbnailUrl":"https:\/\/coolbrandz.com\/wp-content\/uploads\/2022\/10\/Terrazas-de-los-Andes-Malbec-Reserva-1.jpeg","datePublished":"2022-10-05T22:05:39+00:00","dateModified":"2023-08-16T02:37:10+00:00","description":"Terrazas de los Andes Malbec Reserva: compagnon id\u00e9al des grillades. S\u00e9duit avec ar\u00f4mes de fruits rouges et noirs, et une expression complexe.","breadcrumb":{"@id":"https:\/\/coolbrandz.com\/fr\/terrazas-de-los-andes-malbec-reserva\/#breadcrumb"},"inLanguage":"fr-FR","potentialAction":[{"@type":"ReadAction","target":["https:\/\/coolbrandz.com\/fr\/terrazas-de-los-andes-malbec-reserva\/"]}]},{"@type":"ImageObject","inLanguage":"fr-FR","@id":"https:\/\/coolbrandz.com\/fr\/terrazas-de-los-andes-malbec-reserva\/#primaryimage","url":"https:\/\/coolbrandz.com\/wp-content\/uploads\/2022\/10\/Terrazas-de-los-Andes-Malbec-Reserva-1.jpeg","contentUrl":"https:\/\/coolbrandz.com\/wp-content\/uploads\/2022\/10\/Terrazas-de-los-Andes-Malbec-Reserva-1.jpeg","width":875,"height":492,"caption":"Terrazas de los Andes Malbec Reserva"},{"@type":"BreadcrumbList","@id":"https:\/\/coolbrandz.com\/fr\/terrazas-de-los-andes-malbec-reserva\/#breadcrumb","itemListElement":[{"@type":"ListItem","position":1,"name":"Home","item":"https:\/\/coolbrandz.com\/fr\/"},{"@type":"ListItem","position":2,"name":"Terrazas de los Andes Malbec Reserva: le compagnon id\u00e9al des grillades"}]},{"@type":"WebSite","@id":"https:\/\/coolbrandz.com\/fr\/#website","url":"https:\/\/coolbrandz.com\/fr\/","name":"Coolbrandz","description":"Where cool people meet cool brands","publisher":{"@id":"https:\/\/coolbrandz.com\/fr\/#organization"},"potentialAction":[{"@type":"SearchAction","target":{"@type":"EntryPoint","urlTemplate":"https:\/\/coolbrandz.com\/fr\/?s={search_term_string}"},"query-input":{"@type":"PropertyValueSpecification","valueRequired":true,"valueName":"search_term_string"}}],"inLanguage":"fr-FR"},{"@type":"Organization","@id":"https:\/\/coolbrandz.com\/fr\/#organization","name":"Coolbrandz","alternateName":"coolbrandz.com","url":"https:\/\/coolbrandz.com\/fr\/","logo":{"@type":"ImageObject","inLanguage":"fr-FR","@id":"https:\/\/coolbrandz.com\/fr\/#\/schema\/logo\/image\/","url":"http:\/\/coolbrandz.com\/wp-content\/uploads\/2023\/03\/logo_coolbrandz.png","contentUrl":"http:\/\/coolbrandz.com\/wp-content\/uploads\/2023\/03\/logo_coolbrandz.png","width":279,"height":150,"caption":"Coolbrandz"},"image":{"@id":"https:\/\/coolbrandz.com\/fr\/#\/schema\/logo\/image\/"}},{"@type":"Person","@id":"https:\/\/coolbrandz.com\/fr\/#\/schema\/person\/575bd6c5f2758b13046a5d49cd97ce63","name":"Eileen Schuch","image":{"@type":"ImageObject","inLanguage":"fr-FR","@id":"https:\/\/coolbrandz.com\/fr\/#\/schema\/person\/image\/","url":"https:\/\/secure.gravatar.com\/avatar\/516be1ecd75df4ee95aecbf344a1f2a151f11869094b0f0d53e17d8a683f4eb6?s=96&d=mm&r=g","contentUrl":"https:\/\/secure.gravatar.com\/avatar\/516be1ecd75df4ee95aecbf344a1f2a151f11869094b0f0d53e17d8a683f4eb6?s=96&d=mm&r=g","caption":"Eileen Schuch"},"sameAs":["http:\/\/coolbrandz.com"],"url":"https:\/\/coolbrandz.com\/fr\/author\/eileen\/"}]}},"_links":{"self":[{"href":"https:\/\/coolbrandz.com\/fr\/wp-json\/wp\/v2\/posts\/80035","targetHints":{"allow":["GET"]}}],"collection":[{"href":"https:\/\/coolbrandz.com\/fr\/wp-json\/wp\/v2\/posts"}],"about":[{"href":"https:\/\/coolbrandz.com\/fr\/wp-json\/wp\/v2\/types\/post"}],"author":[{"embeddable":true,"href":"https:\/\/coolbrandz.com\/fr\/wp-json\/wp\/v2\/users\/2"}],"replies":[{"embeddable":true,"href":"https:\/\/coolbrandz.com\/fr\/wp-json\/wp\/v2\/comments?post=80035"}],"version-history":[{"count":6,"href":"https:\/\/coolbrandz.com\/fr\/wp-json\/wp\/v2\/posts\/80035\/revisions"}],"predecessor-version":[{"id":80041,"href":"https:\/\/coolbrandz.com\/fr\/wp-json\/wp\/v2\/posts\/80035\/revisions\/80041"}],"wp:featuredmedia":[{"embeddable":true,"href":"https:\/\/coolbrandz.com\/fr\/wp-json\/wp\/v2\/media\/80013"}],"wp:attachment":[{"href":"https:\/\/coolbrandz.com\/fr\/wp-json\/wp\/v2\/media?parent=80035"}],"wp:term":[{"taxonomy":"category","embeddable":true,"href":"https:\/\/coolbrandz.com\/fr\/wp-json\/wp\/v2\/categories?post=80035"},{"taxonomy":"post_tag","embeddable":true,"href":"https:\/\/coolbrandz.com\/fr\/wp-json\/wp\/v2\/tags?post=80035"}],"curies":[{"name":"wp","href":"https:\/\/api.w.org\/{rel}","templated":true}]}}